{"id":441,"date":"2025-04-24T22:37:18","date_gmt":"2025-04-24T17:37:18","guid":{"rendered":"https:\/\/cinemapoetico.net\/wpBlog\/?p=441"},"modified":"2025-04-24T22:37:26","modified_gmt":"2025-04-24T17:37:26","slug":"curaduria-en-el-videoarte-y-en-todo","status":"publish","type":"post","link":"http:\/\/cinemapoetico.net\/wpBlog\/2025\/04\/24\/curaduria-en-el-videoarte-y-en-todo\/","title":{"rendered":"Curadur\u00eda en el videoarte y en todo!"},"content":{"rendered":"\n<figure class=\"wp-block-gallery has-nested-images columns-default is-cropped wp-block-gallery-1 is-layout-flex wp-block-gallery-is-layout-flex\">\n<figure class=\"wp-block-image size-large\"><img loading=\"lazy\" decoding=\"async\" width=\"651\" height=\"573\" data-id=\"445\" src=\"https:\/\/cinemapoetico.net\/wpBlog\/wp-content\/uploads\/2025\/04\/Captura-de-pantalla-2025-04-24-a-las-12.36.18\u202fp.m.png\" alt=\"\" class=\"wp-image-445\" srcset=\"http:\/\/cinemapoetico.net\/wpBlog\/wp-content\/uploads\/2025\/04\/Captura-de-pantalla-2025-04-24-a-las-12.36.18\u202fp.m.png 651w, http:\/\/cinemapoetico.net\/wpBlog\/wp-content\/uploads\/2025\/04\/Captura-de-pantalla-2025-04-24-a-las-12.36.18\u202fp.m-300x264.png 300w, http:\/\/cinemapoetico.net\/wpBlog\/wp-content\/uploads\/2025\/04\/Captura-de-pantalla-2025-04-24-a-las-12.36.18\u202fp.m-150x132.png 150w\" sizes=\"auto, (max-width: 651px) 100vw, 651px\" \/><\/figure>\n\n\n\n<figure class=\"wp-block-image size-large\"><img loading=\"lazy\" decoding=\"async\" width=\"719\" height=\"539\" data-id=\"446\" src=\"https:\/\/cinemapoetico.net\/wpBlog\/wp-content\/uploads\/2025\/04\/Captura-de-pantalla-2025-04-24-a-las-12.36.43\u202fp.m.png\" alt=\"\" class=\"wp-image-446\" srcset=\"http:\/\/cinemapoetico.net\/wpBlog\/wp-content\/uploads\/2025\/04\/Captura-de-pantalla-2025-04-24-a-las-12.36.43\u202fp.m.png 719w, http:\/\/cinemapoetico.net\/wpBlog\/wp-content\/uploads\/2025\/04\/Captura-de-pantalla-2025-04-24-a-las-12.36.43\u202fp.m-300x225.png 300w, http:\/\/cinemapoetico.net\/wpBlog\/wp-content\/uploads\/2025\/04\/Captura-de-pantalla-2025-04-24-a-las-12.36.43\u202fp.m-150x112.png 150w\" sizes=\"auto, (max-width: 719px) 100vw, 719px\" \/><\/figure>\n\n\n\n<figure class=\"wp-block-image size-large\"><img loading=\"lazy\" decoding=\"async\" width=\"1024\" height=\"509\" data-id=\"447\" src=\"https:\/\/cinemapoetico.net\/wpBlog\/wp-content\/uploads\/2025\/04\/Captura-de-pantalla-2025-04-24-a-las-12.36.31\u202fp.m-1024x509.png\" alt=\"\" class=\"wp-image-447\" srcset=\"http:\/\/cinemapoetico.net\/wpBlog\/wp-content\/uploads\/2025\/04\/Captura-de-pantalla-2025-04-24-a-las-12.36.31\u202fp.m-1024x509.png 1024w, http:\/\/cinemapoetico.net\/wpBlog\/wp-content\/uploads\/2025\/04\/Captura-de-pantalla-2025-04-24-a-las-12.36.31\u202fp.m-300x149.png 300w, http:\/\/cinemapoetico.net\/wpBlog\/wp-content\/uploads\/2025\/04\/Captura-de-pantalla-2025-04-24-a-las-12.36.31\u202fp.m-768x381.png 768w, http:\/\/cinemapoetico.net\/wpBlog\/wp-content\/uploads\/2025\/04\/Captura-de-pantalla-2025-04-24-a-las-12.36.31\u202fp.m-150x74.png 150w, http:\/\/cinemapoetico.net\/wpBlog\/wp-content\/uploads\/2025\/04\/Captura-de-pantalla-2025-04-24-a-las-12.36.31\u202fp.m.png 1194w\" sizes=\"auto, (max-width: 1024px) 100vw, 1024px\" \/><\/figure>\n<\/figure>\n\n\n\n<p>En una conversaci\u00f3n estudiantes conversamos sobre el tema de la Curadur\u00eda de obras, de la comisar\u00eda de obras, principalmente audiovisuales, aqu\u00ed est\u00e1 el resultado con la ayuda de una IA, que recomiendo Read, nos da un resumen de lo conversado:<\/p>\n\n\n\n<p>Se discutieron aspectos clave sobre la curadur\u00eda en la producci\u00f3n audiovisual, enfatizando la importancia de contextualizar las obras en relaci\u00f3n con su origen y el entorno del autor. Se abord\u00f3 la evoluci\u00f3n de los espectadores a interactores, lo que transforma su relaci\u00f3n con las obras. Se destac\u00f3 la necesidad de que los estudiantes desarrollen competencias cr\u00edticas para evaluar obras audiovisuales, argumentando sobre ellas en lugar de simplemente expresar gustos. Tambi\u00e9n se reflexion\u00f3 sobre el papel del gozo en la creaci\u00f3n y evaluaci\u00f3n de obras, as\u00ed como la importancia de mejorar las competencias lectoescritoras en el contexto de su formaci\u00f3n profesional.<\/p>\n\n\n\n<p>Se exploraron los retos de la grabaci\u00f3n m\u00f3vil, incluyendo la improvisaci\u00f3n y la adaptaci\u00f3n a las circunstancias, as\u00ed como la conexi\u00f3n con los modelos para facilitar la interacci\u00f3n. Se discuti\u00f3 un proyecto art\u00edstico que busc\u00f3 transgredir normas en un espacio p\u00fablico, observando las diversas reacciones del p\u00fablico. Se propuso un enfoque diferente para el trabajo final, sugiriendo una video instalaci\u00f3n en lugar de un trabajo escrito, y se acord\u00f3 continuar con el desarrollo del proyecto y la planificaci\u00f3n de las pr\u00f3ximas clases.<\/p>\n\n\n\n<p>Cap\u00edtulos y Temas:<\/p>\n\n\n\n<p>Curadur\u00eda y Contextualizaci\u00f3n en la Producci\u00f3n Audiovisual<br>Se discute el papel de la curadur\u00eda en la producci\u00f3n audiovisual, subrayando la relevancia de contextualizar las obras en funci\u00f3n de su ubicaci\u00f3n geogr\u00e1fica y la perspectiva del autor. Se menciona que los espectadores son ahora interactores, lo que implica una participaci\u00f3n m\u00e1s activa en la experiencia est\u00e9tica. La contextualizaci\u00f3n es clave para entender el mensaje impl\u00edcito y expl\u00edcito de la obra.<\/p>\n\n\n\n<ul class=\"wp-block-list\">\n<li>Concepto de curadur\u00eda y su aplicaci\u00f3n en la producci\u00f3n audiovisual.<\/li>\n\n\n\n<li>Importancia de la contextualizaci\u00f3n en la obra art\u00edstica.<\/li>\n<\/ul>\n\n\n\n<p>Reflexiones sobre Curadur\u00eda y Competencias Audiovisuales<br>Se destac\u00f3 la relevancia de un texto curatorial en la curadur\u00eda de exposiciones y la necesidad de que los estudiantes desarrollen habilidades para argumentar sobre sus preferencias est\u00e9ticas. Se mencion\u00f3 la importancia de disfrutar el proceso creativo y de adquirir competencias que permitan a los estudiantes diferenciar y evaluar obras audiovisuales de manera cr\u00edtica.<\/p>\n\n\n\n<ul class=\"wp-block-list\">\n<li>Reflexi\u00f3n sobre el proceso creativo y la adquisici\u00f3n de competencias.<\/li>\n<\/ul>\n\n\n\n<p>Reflexiones sobre el cuerpo y la est\u00e9tica en el audiovisual<br>Se discuti\u00f3 la complejidad de representar el cuerpo masculino en el arte y se solicit\u00f3 a los asistentes que compartieran sus impresiones sobre el proceso. Se exploraron las teor\u00edas de imitacionismo y formalismo, utilizando ejemplos de la obra de Diane Arbus para ilustrar c\u00f3mo lo feo puede ser considerado bello. Se enfatiz\u00f3 la importancia de entender el significado detr\u00e1s de las obras.<\/p>\n\n\n\n<p>Reflexiones sobre la grabaci\u00f3n m\u00f3vil<br>La conversaci\u00f3n abord\u00f3 la necesidad de adaptarse a los retos de la grabaci\u00f3n m\u00f3vil, como el manejo del tiempo y la interacci\u00f3n con los modelos. Se destac\u00f3 la experiencia de Fonse en la captura de planos secuencia y la importancia de la iluminaci\u00f3n. Tambi\u00e9n se mencion\u00f3 la incomodidad que algunos participantes sintieron al trabajar con modelos desnudos.<\/p>\n\n\n\n<p>Reflexiones sobre el trabajo en grupo y la intervenci\u00f3n art\u00edstica<br>Se abord\u00f3 la experiencia de realizar una intervenci\u00f3n art\u00edstica en un espacio p\u00fablico, donde se busc\u00f3 romper con la rutina y generar interacci\u00f3n con el p\u00fablico. Se destac\u00f3 la importancia de las conexiones con otras facultades y c\u00f3mo estas colaboraciones enriquecen el proceso creativo. Se mencion\u00f3 el uso de una aplicaci\u00f3n de inteligencia artificial para resumir las discusiones y reflexiones del grupo.<\/p>\n\n\n\n<p>Reflexiones sobre el proceso de grabaci\u00f3n m\u00f3vil<br>Se abordaron los desaf\u00edos de interactuar con el modelo y la presi\u00f3n del tiempo durante el proceso de grabaci\u00f3n. Se enfatiz\u00f3 la necesidad de concentrarse en el trabajo creativo y no en aspectos t\u00e9cnicos, mientras que los participantes de la sala de conferencias compartieron sus experiencias sobre la incomodidad inicial y la importancia de la colaboraci\u00f3n.<\/p>\n\n\n\n<ul class=\"wp-block-list\">\n<li>Interacci\u00f3n del p\u00fablico con las obras y su impacto en la experiencia est\u00e9tica.<\/li>\n<\/ul>\n\n\n\n<p>Puntos de Acci\u00f3n:<\/p>\n\n\n\n<ul class=\"wp-block-list\">\n<li>El participante de la sala de conferencias revisar\u00e1 el texto en el blog sobre curadur\u00eda para que todos comprendan el concepto y su aplicaci\u00f3n en la producci\u00f3n audiovisual.<\/li>\n\n\n\n<li>El participante de la sala de conferencias solicitar\u00e1 a los participantes que desarrollen una argumentaci\u00f3n est\u00e9tica sobre las obras que est\u00e1n analizando.<\/li>\n\n\n\n<li>El participante de la sala de conferencias compartir\u00e1 una aplicaci\u00f3n de inteligencia artificial que resume las discusiones de la clase.<\/li>\n\n\n\n<li>El participante de la sala de conferencias propondr\u00e1 que el trabajo final se enfoque \u00fanicamente en el aspecto audiovisual, sin requerir un componente escrito.<\/li>\n<\/ul>\n\n\n\n<p>Preguntas clave:<\/p>\n\n\n\n<ul class=\"wp-block-list\">\n<li>\u00bfQu\u00e9 aspectos de la curadur\u00eda son m\u00e1s relevantes para la producci\u00f3n audiovisual?<\/li>\n\n\n\n<li>\u00bfQu\u00e9 m\u00e1s importancia tiene el gozo en la creaci\u00f3n audiovisual?<\/li>\n\n\n\n<li>\u00bfC\u00f3mo se puede mejorar la interacci\u00f3n del p\u00fablico con las obras?<\/li>\n<\/ul>\n\n\n\n<p><\/p>\n\n\n\n<ul class=\"wp-block-list\">\n<li>No hay notas<\/li>\n<\/ul>\n","protected":false},"excerpt":{"rendered":"<p>En una conversaci\u00f3n estudiantes conversamos sobre el tema de la Curadur\u00eda de obras, de la comisar\u00eda de obras, principalmente audiovisuales, aqu\u00ed est\u00e1 el resultado con la ayuda de una IA, que recomiendo Read, nos da un resumen de lo conversado: Se discutieron aspectos clave sobre la curadur\u00eda en la producci\u00f3n audiovisual, enfatizando la importancia de&#8230;<\/p>\n","protected":false},"author":1,"featured_media":0,"comment_status":"open","ping_status":"open","sticky":false,"template":"","format":"standard","meta":{"footnotes":""},"categories":[9],"tags":[],"class_list":["post-441","post","type-post","status-publish","format-standard","hentry","category-contemporaneidad"],"_links":{"self":[{"href":"http:\/\/cinemapoetico.net\/wpBlog\/wp-json\/wp\/v2\/posts\/441","targetHints":{"allow":["GET"]}}],"collection":[{"href":"http:\/\/cinemapoetico.net\/wpBlog\/wp-json\/wp\/v2\/posts"}],"about":[{"href":"http:\/\/cinemapoetico.net\/wpBlog\/wp-json\/wp\/v2\/types\/post"}],"author":[{"embeddable":true,"href":"http:\/\/cinemapoetico.net\/wpBlog\/wp-json\/wp\/v2\/users\/1"}],"replies":[{"embeddable":true,"href":"http:\/\/cinemapoetico.net\/wpBlog\/wp-json\/wp\/v2\/comments?post=441"}],"version-history":[{"count":1,"href":"http:\/\/cinemapoetico.net\/wpBlog\/wp-json\/wp\/v2\/posts\/441\/revisions"}],"predecessor-version":[{"id":448,"href":"http:\/\/cinemapoetico.net\/wpBlog\/wp-json\/wp\/v2\/posts\/441\/revisions\/448"}],"wp:attachment":[{"href":"http:\/\/cinemapoetico.net\/wpBlog\/wp-json\/wp\/v2\/media?parent=441"}],"wp:term":[{"taxonomy":"category","embeddable":true,"href":"http:\/\/cinemapoetico.net\/wpBlog\/wp-json\/wp\/v2\/categories?post=441"},{"taxonomy":"post_tag","embeddable":true,"href":"http:\/\/cinemapoetico.net\/wpBlog\/wp-json\/wp\/v2\/tags?post=441"}],"curies":[{"name":"wp","href":"https:\/\/api.w.org\/{rel}","templated":true}]}}