{"id":416,"date":"2025-02-11T19:48:27","date_gmt":"2025-02-11T14:48:27","guid":{"rendered":"https:\/\/cinemapoetico.net\/wpBlog\/?p=416"},"modified":"2025-02-11T19:48:29","modified_gmt":"2025-02-11T14:48:29","slug":"conexiones","status":"publish","type":"post","link":"http:\/\/cinemapoetico.net\/wpBlog\/2025\/02\/11\/conexiones\/","title":{"rendered":"Conexiones"},"content":{"rendered":"\n<figure class=\"wp-block-image size-full\"><img loading=\"lazy\" decoding=\"async\" width=\"373\" height=\"252\" src=\"https:\/\/cinemapoetico.net\/wpBlog\/wp-content\/uploads\/2025\/02\/Captura-de-pantalla-2025-02-11-a-las-9.39.25\u202fa.m.png\" alt=\"\" class=\"wp-image-417\" srcset=\"http:\/\/cinemapoetico.net\/wpBlog\/wp-content\/uploads\/2025\/02\/Captura-de-pantalla-2025-02-11-a-las-9.39.25\u202fa.m.png 373w, http:\/\/cinemapoetico.net\/wpBlog\/wp-content\/uploads\/2025\/02\/Captura-de-pantalla-2025-02-11-a-las-9.39.25\u202fa.m-300x203.png 300w, http:\/\/cinemapoetico.net\/wpBlog\/wp-content\/uploads\/2025\/02\/Captura-de-pantalla-2025-02-11-a-las-9.39.25\u202fa.m-150x101.png 150w\" sizes=\"auto, (max-width: 373px) 100vw, 373px\" \/><\/figure>\n\n\n\n<p>Las met\u00e1foras buscan conectar el audio con la imagen, algo que es muy complejo, pero que hoy la Ai ha permitido impulsar nuevas formas de vincular y conectar estos dos lenguajes, aqu\u00ed creo yace nuestro aporte humano a este proceso de realizaci\u00f3n audiovisual. Buscamos conectar\u00a0m\u00fasicas\u00a0populares, g\u00e9neros musicales de los 80 en Brasil,, con elementos de artistas de artes pl\u00e1sticas. Hemos escogido al grupo Os\u00a0paralamas\u00a0do\u00a0sucessocon su canci\u00f3n\u00a0Uma\u00a0brasileira, en esta canci\u00f3n vemos elementos sonoros muy conectados con el\u00a0ska, con un ritmo del bajo latente que da una\u00a0l\u00ednea\u00a0mel\u00f3dica ajustada y armoniosa que conecta al\u00a0p\u00fablico\u00a0con ese ritmo, tres m\u00fasicos una letra inspirada en\u00a0vida\u00a0brasile\u00f1a, y un video que presenta una decodificaci\u00f3n de la imagen, capturando cada instante o secuencia mejor del video en fotograf\u00edas o postales impresas luego mostradas durante el desarrollo del video, un video en blanco y negro que plantea alguna reflexi\u00f3n acerca de una mujer afrodescendiente en un ba\u00f1o, porque le video se desarrolla en un ba\u00f1o de un lugar\u00a0p\u00fablico, donde la modelo se presenta de diversas posees y los m\u00fasicos en diversos momentos e intentes, el video tambi\u00e9n plantea una tensi\u00f3n entre las postales presentes y el video en movimiento de los m\u00fasicos y la modelo, a forma de documentar la ficci\u00f3n que transcurre en el video.<\/p>\n\n\n\n<p>En el video y la letra de la canci\u00f3n, generan una discusi\u00f3n frente al sistema de interpretaci\u00f3n que plantea.\u00a0Tambi\u00e9n\u00a0vemos como el video y su m\u00fasica y letra conecta diversas l\u00edneas de met\u00e1foras audio-visuales, presentaron al final en el video una revelaci\u00f3n, por lo tanto el video plantea una reflexi\u00f3n al espectador frente al punto de vista que presenta el artista del video clip en este caso, reflexiones del tipo formal por el sentido est\u00e9tico presentado, del tipo filos\u00f3fico al presentar elementos distorsionados de otra realidad presentada y una reflexi\u00f3n existencial frente como menciona la letra de la canci\u00f3n \u201cun brasilero,\u2026toda una forma\u2026..una llama ardiente. \u2026.Somos del interior del ma\u00edz\u201d<\/p>\n","protected":false},"excerpt":{"rendered":"<p>Las met\u00e1foras buscan conectar el audio con la imagen, algo que es muy complejo, pero que hoy la Ai ha permitido impulsar nuevas formas de vincular y conectar estos dos lenguajes, aqu\u00ed creo yace nuestro aporte humano a este proceso de realizaci\u00f3n audiovisual. Buscamos conectar\u00a0m\u00fasicas\u00a0populares, g\u00e9neros musicales de los 80 en Brasil,, con elementos de&#8230;<\/p>\n","protected":false},"author":1,"featured_media":0,"comment_status":"open","ping_status":"open","sticky":false,"template":"","format":"standard","meta":{"footnotes":""},"categories":[6,2,31,27],"tags":[],"class_list":["post-416","post","type-post","status-publish","format-standard","hentry","category-arte","category-estetica","category-musica","category-video"],"_links":{"self":[{"href":"http:\/\/cinemapoetico.net\/wpBlog\/wp-json\/wp\/v2\/posts\/416","targetHints":{"allow":["GET"]}}],"collection":[{"href":"http:\/\/cinemapoetico.net\/wpBlog\/wp-json\/wp\/v2\/posts"}],"about":[{"href":"http:\/\/cinemapoetico.net\/wpBlog\/wp-json\/wp\/v2\/types\/post"}],"author":[{"embeddable":true,"href":"http:\/\/cinemapoetico.net\/wpBlog\/wp-json\/wp\/v2\/users\/1"}],"replies":[{"embeddable":true,"href":"http:\/\/cinemapoetico.net\/wpBlog\/wp-json\/wp\/v2\/comments?post=416"}],"version-history":[{"count":1,"href":"http:\/\/cinemapoetico.net\/wpBlog\/wp-json\/wp\/v2\/posts\/416\/revisions"}],"predecessor-version":[{"id":418,"href":"http:\/\/cinemapoetico.net\/wpBlog\/wp-json\/wp\/v2\/posts\/416\/revisions\/418"}],"wp:attachment":[{"href":"http:\/\/cinemapoetico.net\/wpBlog\/wp-json\/wp\/v2\/media?parent=416"}],"wp:term":[{"taxonomy":"category","embeddable":true,"href":"http:\/\/cinemapoetico.net\/wpBlog\/wp-json\/wp\/v2\/categories?post=416"},{"taxonomy":"post_tag","embeddable":true,"href":"http:\/\/cinemapoetico.net\/wpBlog\/wp-json\/wp\/v2\/tags?post=416"}],"curies":[{"name":"wp","href":"https:\/\/api.w.org\/{rel}","templated":true}]}}